{"id":1215,"date":"2025-02-24T11:37:33","date_gmt":"2025-02-24T11:37:33","guid":{"rendered":"https:\/\/milestone-avocats.com\/esg-private-equity-vers-une-nouvelle-ere-de-linvestissement-responsable\/"},"modified":"2025-02-24T11:37:33","modified_gmt":"2025-02-24T11:37:33","slug":"esg-private-equity-vers-une-nouvelle-ere-de-linvestissement-responsable","status":"publish","type":"post","link":"https:\/\/milestone-avocats.com\/en\/esg-private-equity-vers-une-nouvelle-ere-de-linvestissement-responsable\/","title":{"rendered":"ESG &amp; Private Equity : vers une nouvelle \u00e8re de l\u2019investissement responsable ?"},"content":{"rendered":"\n<p>\ud835\uddd8\ud835\udde6\ud835\uddda &amp; \ud835\udde3\ud835\uddff\ud835\uddf6\ud835\ude03\ud835\uddee\ud835\ude01\ud835\uddf2 \ud835\uddd8\ud835\uddfe\ud835\ude02\ud835\uddf6\ud835\ude01\ud835\ude06 : une nouvelle \u00e8re pour l\u2019investissement ?\u00a0<br><br>Dans le dernier \u00e9pisode de\u00a0\ud835\udddf\ud835\uddf2\ud835\ude05\ud835\uddf3\ud835\uddf9\ud835\uddee\ud835\ude00\ud835\uddf5,\u00a0notre associ\u00e9 <a href=\"https:\/\/www.linkedin.com\/in\/ACoAABM7jTMBOnRztcjUzwVWBhNumo6QJPHlK2o\"><\/a><a href=\"https:\/\/www.linkedin.com\/in\/david-smadja-avocat\/\">David SMADJA<\/a> revient sur\u00a0l&#8217;importance croissante des crit\u00e8res \ud835\uddd8\ud835\udde6\ud835\uddda (Environnementaux, Sociaux et de Gouvernance) dans le secteur du \ud835\uddfd\ud835\uddff\ud835\uddf6\ud835\ude03\ud835\uddee\ud835\ude01\ud835\uddf2 \ud835\uddf2\ud835\uddfe\ud835\ude02\ud835\uddf6\ud835\ude01\ud835\ude06.<br><br>Alors que ces enjeux fa\u00e7onnent de plus en plus les d\u00e9cisions d\u2019investissement, il d\u00e9crypte\u00a0les d\u00e9fis et opportunit\u00e9s li\u00e9s \u00e0 leur int\u00e9gration, ainsi que\u00a0l\u2019impact des \u00e9volutions r\u00e9glementaires sur les strat\u00e9gies des investisseurs.<br><br>\u00c0 \u00e9couter ici\u00a0\u27a1\ufe0f <a href=\"https:\/\/www.youtube.com\/watch?v=ISDgfQg6UM4\">https:\/\/www.youtube.com\/watch?v=ISDgfQg6UM4<\/a><\/p>\n\n\n\n<p><\/p>\n","protected":false},"excerpt":{"rendered":"<p>\ud835\uddd8\ud835\udde6\ud835\uddda &amp; \ud835\udde3\ud835\uddff\ud835\uddf6\ud835\ude03\ud835\uddee\ud835\ude01\ud835\uddf2 \ud835\uddd8\ud835\uddfe\ud835\ude02\ud835\uddf6\ud835\ude01\ud835\ude06 : une nouvelle \u00e8re pour l\u2019investissement ?\u00a0 Dans le dernier \u00e9pisode de\u00a0\ud835\udddf\ud835\uddf2\ud835\ude05\ud835\uddf3\ud835\uddf9\ud835\uddee\ud835\ude00\ud835\uddf5,\u00a0notre associ\u00e9 David SMADJA revient sur\u00a0l&#8217;importance croissante des crit\u00e8res \ud835\uddd8\ud835\udde6\ud835\uddda (Environnementaux, Sociaux et de Gouvernance) dans le secteur du \ud835\uddfd\ud835\uddff\ud835\uddf6\ud835\ude03\ud835\uddee\ud835\ude01\ud835\uddf2 \ud835\uddf2\ud835\uddfe\ud835\ude02\ud835\uddf6\ud835\ude01\ud835\ude06. Alors que ces enjeux fa\u00e7onnent de plus en plus les d\u00e9cisions d\u2019investissement, il d\u00e9crypte\u00a0les d\u00e9fis et opportunit\u00e9s li\u00e9s \u00e0 [&hellip;]<\/p>\n","protected":false},"author":4,"featured_media":0,"comment_status":"closed","ping_status":"open","sticky":false,"template":"","format":"standard","meta":{"_acf_changed":false,"footnotes":""},"categories":[56],"tags":[],"type_de_publication":[],"class_list":["post-1215","post","type-post","status-publish","format-standard","hentry","category-private-equity-en"],"acf":[],"yoast_head":"<!-- This site is optimized with the Yoast SEO plugin v24.3 - https:\/\/yoast.com\/wordpress\/plugins\/seo\/ -->\n<title>ESG &amp; Private Equity : vers une nouvelle \u00e8re de l\u2019investissement responsable ? - Milestone Avocats<\/title>\n<meta name=\"robots\" content=\"index, follow, max-snippet:-1, max-image-preview:large, max-video-preview:-1\" \/>\n<link rel=\"canonical\" href=\"https:\/\/milestone-avocats.com\/en\/esg-private-equity-vers-une-nouvelle-ere-de-linvestissement-responsable\/\" \/>\n<meta property=\"og:locale\" content=\"en_US\" \/>\n<meta property=\"og:type\" content=\"article\" \/>\n<meta property=\"og:title\" content=\"ESG &amp; Private Equity : vers une nouvelle \u00e8re de l\u2019investissement responsable ? - Milestone Avocats\" \/>\n<meta property=\"og:description\" content=\"\ud835\uddd8\ud835\udde6\ud835\uddda &amp; \ud835\udde3\ud835\uddff\ud835\uddf6\ud835\ude03\ud835\uddee\ud835\ude01\ud835\uddf2 \ud835\uddd8\ud835\uddfe\ud835\ude02\ud835\uddf6\ud835\ude01\ud835\ude06 : une nouvelle \u00e8re pour l\u2019investissement ?\u00a0 Dans le dernier \u00e9pisode de\u00a0\ud835\udddf\ud835\uddf2\ud835\ude05\ud835\uddf3\ud835\uddf9\ud835\uddee\ud835\ude00\ud835\uddf5,\u00a0notre associ\u00e9 David SMADJA revient sur\u00a0l&#8217;importance croissante des crit\u00e8res \ud835\uddd8\ud835\udde6\ud835\uddda (Environnementaux, Sociaux et de Gouvernance) dans le secteur du \ud835\uddfd\ud835\uddff\ud835\uddf6\ud835\ude03\ud835\uddee\ud835\ude01\ud835\uddf2 \ud835\uddf2\ud835\uddfe\ud835\ude02\ud835\uddf6\ud835\ude01\ud835\ude06. Alors que ces enjeux fa\u00e7onnent de plus en plus les d\u00e9cisions d\u2019investissement, il d\u00e9crypte\u00a0les d\u00e9fis et opportunit\u00e9s li\u00e9s \u00e0 [&hellip;]\" \/>\n<meta property=\"og:url\" content=\"https:\/\/milestone-avocats.com\/en\/esg-private-equity-vers-une-nouvelle-ere-de-linvestissement-responsable\/\" \/>\n<meta property=\"og:site_name\" content=\"Milestone Avocats\" \/>\n<meta property=\"article:published_time\" content=\"2025-02-24T11:37:33+00:00\" \/>\n<meta name=\"author\" content=\"Arwa\" \/>\n<meta name=\"twitter:card\" content=\"summary_large_image\" \/>\n<meta name=\"twitter:label1\" content=\"Written by\" \/>\n\t<meta name=\"twitter:data1\" content=\"Arwa\" \/>\n<script type=\"application\/ld+json\" class=\"yoast-schema-graph\">{\"@context\":\"https:\/\/schema.org\",\"@graph\":[{\"@type\":\"WebPage\",\"@id\":\"https:\/\/milestone-avocats.com\/en\/esg-private-equity-vers-une-nouvelle-ere-de-linvestissement-responsable\/\",\"url\":\"https:\/\/milestone-avocats.com\/en\/esg-private-equity-vers-une-nouvelle-ere-de-linvestissement-responsable\/\",\"name\":\"ESG &amp; Private Equity : vers une nouvelle \u00e8re de l\u2019investissement responsable ? - Milestone Avocats\",\"isPartOf\":{\"@id\":\"https:\/\/milestone-avocats.com\/#website\"},\"datePublished\":\"2025-02-24T11:37:33+00:00\",\"dateModified\":\"2025-02-24T11:37:33+00:00\",\"author\":{\"@id\":\"https:\/\/milestone-avocats.com\/#\/schema\/person\/7aeb91c46250fcaa1ca2ce7878b0fc51\"},\"breadcrumb\":{\"@id\":\"https:\/\/milestone-avocats.com\/en\/esg-private-equity-vers-une-nouvelle-ere-de-linvestissement-responsable\/#breadcrumb\"},\"inLanguage\":\"en-US\",\"potentialAction\":[{\"@type\":\"ReadAction\",\"target\":[\"https:\/\/milestone-avocats.com\/en\/esg-private-equity-vers-une-nouvelle-ere-de-linvestissement-responsable\/\"]}]},{\"@type\":\"BreadcrumbList\",\"@id\":\"https:\/\/milestone-avocats.com\/en\/esg-private-equity-vers-une-nouvelle-ere-de-linvestissement-responsable\/#breadcrumb\",\"itemListElement\":[{\"@type\":\"ListItem\",\"position\":1,\"name\":\"Accueil\",\"item\":\"https:\/\/milestone-avocats.com\/en\/\"},{\"@type\":\"ListItem\",\"position\":2,\"name\":\"ESG &amp; Private Equity : vers une nouvelle \u00e8re de l\u2019investissement responsable ?\"}]},{\"@type\":\"WebSite\",\"@id\":\"https:\/\/milestone-avocats.com\/#website\",\"url\":\"https:\/\/milestone-avocats.com\/\",\"name\":\"Milestone Avocats\",\"description\":\"\",\"potentialAction\":[{\"@type\":\"SearchAction\",\"target\":{\"@type\":\"EntryPoint\",\"urlTemplate\":\"https:\/\/milestone-avocats.com\/?s={search_term_string}\"},\"query-input\":{\"@type\":\"PropertyValueSpecification\",\"valueRequired\":true,\"valueName\":\"search_term_string\"}}],\"inLanguage\":\"en-US\"},{\"@type\":\"Person\",\"@id\":\"https:\/\/milestone-avocats.com\/#\/schema\/person\/7aeb91c46250fcaa1ca2ce7878b0fc51\",\"name\":\"Arwa\",\"image\":{\"@type\":\"ImageObject\",\"inLanguage\":\"en-US\",\"@id\":\"https:\/\/milestone-avocats.com\/#\/schema\/person\/image\/\",\"url\":\"https:\/\/secure.gravatar.com\/avatar\/a96b9b9ff509464b9476a1f514549853326f8242a9032e1f88a8bc18d9539dbe?s=96&d=mm&r=g\",\"contentUrl\":\"https:\/\/secure.gravatar.com\/avatar\/a96b9b9ff509464b9476a1f514549853326f8242a9032e1f88a8bc18d9539dbe?s=96&d=mm&r=g\",\"caption\":\"Arwa\"}}]}<\/script>\n<!-- \/ Yoast SEO plugin. -->","yoast_head_json":{"title":"ESG &amp; Private Equity : vers une nouvelle \u00e8re de l\u2019investissement responsable ? - Milestone Avocats","robots":{"index":"index","follow":"follow","max-snippet":"max-snippet:-1","max-image-preview":"max-image-preview:large","max-video-preview":"max-video-preview:-1"},"canonical":"https:\/\/milestone-avocats.com\/en\/esg-private-equity-vers-une-nouvelle-ere-de-linvestissement-responsable\/","og_locale":"en_US","og_type":"article","og_title":"ESG &amp; Private Equity : vers une nouvelle \u00e8re de l\u2019investissement responsable ? - Milestone Avocats","og_description":"\ud835\uddd8\ud835\udde6\ud835\uddda &amp; \ud835\udde3\ud835\uddff\ud835\uddf6\ud835\ude03\ud835\uddee\ud835\ude01\ud835\uddf2 \ud835\uddd8\ud835\uddfe\ud835\ude02\ud835\uddf6\ud835\ude01\ud835\ude06 : une nouvelle \u00e8re pour l\u2019investissement ?\u00a0 Dans le dernier \u00e9pisode de\u00a0\ud835\udddf\ud835\uddf2\ud835\ude05\ud835\uddf3\ud835\uddf9\ud835\uddee\ud835\ude00\ud835\uddf5,\u00a0notre associ\u00e9 David SMADJA revient sur\u00a0l&#8217;importance croissante des crit\u00e8res \ud835\uddd8\ud835\udde6\ud835\uddda (Environnementaux, Sociaux et de Gouvernance) dans le secteur du \ud835\uddfd\ud835\uddff\ud835\uddf6\ud835\ude03\ud835\uddee\ud835\ude01\ud835\uddf2 \ud835\uddf2\ud835\uddfe\ud835\ude02\ud835\uddf6\ud835\ude01\ud835\ude06. Alors que ces enjeux fa\u00e7onnent de plus en plus les d\u00e9cisions d\u2019investissement, il d\u00e9crypte\u00a0les d\u00e9fis et opportunit\u00e9s li\u00e9s \u00e0 [&hellip;]","og_url":"https:\/\/milestone-avocats.com\/en\/esg-private-equity-vers-une-nouvelle-ere-de-linvestissement-responsable\/","og_site_name":"Milestone Avocats","article_published_time":"2025-02-24T11:37:33+00:00","author":"Arwa","twitter_card":"summary_large_image","twitter_misc":{"Written by":"Arwa"},"schema":{"@context":"https:\/\/schema.org","@graph":[{"@type":"WebPage","@id":"https:\/\/milestone-avocats.com\/en\/esg-private-equity-vers-une-nouvelle-ere-de-linvestissement-responsable\/","url":"https:\/\/milestone-avocats.com\/en\/esg-private-equity-vers-une-nouvelle-ere-de-linvestissement-responsable\/","name":"ESG &amp; Private Equity : vers une nouvelle \u00e8re de l\u2019investissement responsable ? - Milestone Avocats","isPartOf":{"@id":"https:\/\/milestone-avocats.com\/#website"},"datePublished":"2025-02-24T11:37:33+00:00","dateModified":"2025-02-24T11:37:33+00:00","author":{"@id":"https:\/\/milestone-avocats.com\/#\/schema\/person\/7aeb91c46250fcaa1ca2ce7878b0fc51"},"breadcrumb":{"@id":"https:\/\/milestone-avocats.com\/en\/esg-private-equity-vers-une-nouvelle-ere-de-linvestissement-responsable\/#breadcrumb"},"inLanguage":"en-US","potentialAction":[{"@type":"ReadAction","target":["https:\/\/milestone-avocats.com\/en\/esg-private-equity-vers-une-nouvelle-ere-de-linvestissement-responsable\/"]}]},{"@type":"BreadcrumbList","@id":"https:\/\/milestone-avocats.com\/en\/esg-private-equity-vers-une-nouvelle-ere-de-linvestissement-responsable\/#breadcrumb","itemListElement":[{"@type":"ListItem","position":1,"name":"Accueil","item":"https:\/\/milestone-avocats.com\/en\/"},{"@type":"ListItem","position":2,"name":"ESG &amp; Private Equity : vers une nouvelle \u00e8re de l\u2019investissement responsable ?"}]},{"@type":"WebSite","@id":"https:\/\/milestone-avocats.com\/#website","url":"https:\/\/milestone-avocats.com\/","name":"Milestone Avocats","description":"","potentialAction":[{"@type":"SearchAction","target":{"@type":"EntryPoint","urlTemplate":"https:\/\/milestone-avocats.com\/?s={search_term_string}"},"query-input":{"@type":"PropertyValueSpecification","valueRequired":true,"valueName":"search_term_string"}}],"inLanguage":"en-US"},{"@type":"Person","@id":"https:\/\/milestone-avocats.com\/#\/schema\/person\/7aeb91c46250fcaa1ca2ce7878b0fc51","name":"Arwa","image":{"@type":"ImageObject","inLanguage":"en-US","@id":"https:\/\/milestone-avocats.com\/#\/schema\/person\/image\/","url":"https:\/\/secure.gravatar.com\/avatar\/a96b9b9ff509464b9476a1f514549853326f8242a9032e1f88a8bc18d9539dbe?s=96&d=mm&r=g","contentUrl":"https:\/\/secure.gravatar.com\/avatar\/a96b9b9ff509464b9476a1f514549853326f8242a9032e1f88a8bc18d9539dbe?s=96&d=mm&r=g","caption":"Arwa"}}]}},"_links":{"self":[{"href":"https:\/\/milestone-avocats.com\/en\/wp-json\/wp\/v2\/posts\/1215","targetHints":{"allow":["GET"]}}],"collection":[{"href":"https:\/\/milestone-avocats.com\/en\/wp-json\/wp\/v2\/posts"}],"about":[{"href":"https:\/\/milestone-avocats.com\/en\/wp-json\/wp\/v2\/types\/post"}],"author":[{"embeddable":true,"href":"https:\/\/milestone-avocats.com\/en\/wp-json\/wp\/v2\/users\/4"}],"replies":[{"embeddable":true,"href":"https:\/\/milestone-avocats.com\/en\/wp-json\/wp\/v2\/comments?post=1215"}],"version-history":[{"count":0,"href":"https:\/\/milestone-avocats.com\/en\/wp-json\/wp\/v2\/posts\/1215\/revisions"}],"wp:attachment":[{"href":"https:\/\/milestone-avocats.com\/en\/wp-json\/wp\/v2\/media?parent=1215"}],"wp:term":[{"taxonomy":"category","embeddable":true,"href":"https:\/\/milestone-avocats.com\/en\/wp-json\/wp\/v2\/categories?post=1215"},{"taxonomy":"post_tag","embeddable":true,"href":"https:\/\/milestone-avocats.com\/en\/wp-json\/wp\/v2\/tags?post=1215"},{"taxonomy":"type_de_publication","embeddable":true,"href":"https:\/\/milestone-avocats.com\/en\/wp-json\/wp\/v2\/type_de_publication?post=1215"}],"curies":[{"name":"wp","href":"https:\/\/api.w.org\/{rel}","templated":true}]}}