{"id":1206,"date":"2025-05-14T17:43:03","date_gmt":"2025-05-14T17:43:03","guid":{"rendered":"https:\/\/milestone-avocats.com\/notre-associe-david-smadja-coach-invite-dans-lemission-la-france-bouge-sur-europe-1\/"},"modified":"2025-05-14T17:43:03","modified_gmt":"2025-05-14T17:43:03","slug":"notre-associe-david-smadja-coach-invite-dans-lemission-la-france-bouge-sur-europe-1","status":"publish","type":"post","link":"https:\/\/milestone-avocats.com\/en\/notre-associe-david-smadja-coach-invite-dans-lemission-la-france-bouge-sur-europe-1\/","title":{"rendered":"Notre associ\u00e9 David SMADJA, Coach invit\u00e9 dans l\u2019\u00e9mission\u00a0La France Bouge\u00a0sur Europe 1"},"content":{"rendered":"\n<p>David SMADJA, notre associ\u00e9, est r\u00e9cemment intervenu en tant que Coach dans l\u2019\u00e9mission\u00a0<em>La France Bouge<\/em>, diffus\u00e9e sur Europe 1 et anim\u00e9e par Elisabeth Assayag.<\/p>\n\n\n\n<p>Cette \u00e9mission met \u00e0 l\u2019honneur celles et ceux qui participent activement au renouveau \u00e9conomique de la soci\u00e9t\u00e9 \u2013 entrepreneurs, associations, collectivit\u00e9s\u2026 Un format inspirant, en parfaite r\u00e9sonance avec les engagements de David aupr\u00e8s des acteurs du changement.<\/p>\n\n\n\n<p>\u00c9coutez l\u2019\u00e9mission ici :\u00a0https:\/\/www.europe1.fr\/emissions\/la-france-bouge\/le-prix-de-lor-bat-des-records-historiques-laurent-schwartz-pdg-de-le-comptoir-national-de-lor-721726<\/p>\n","protected":false},"excerpt":{"rendered":"<p>David SMADJA, notre associ\u00e9, est r\u00e9cemment intervenu en tant que Coach dans l\u2019\u00e9mission\u00a0La France Bouge, diffus\u00e9e sur Europe 1 et anim\u00e9e par Elisabeth Assayag. Cette \u00e9mission met \u00e0 l\u2019honneur celles et ceux qui participent activement au renouveau \u00e9conomique de la soci\u00e9t\u00e9 \u2013 entrepreneurs, associations, collectivit\u00e9s\u2026 Un format inspirant, en parfaite r\u00e9sonance avec les engagements de [&hellip;]<\/p>\n","protected":false},"author":4,"featured_media":0,"comment_status":"closed","ping_status":"open","sticky":false,"template":"","format":"standard","meta":{"_acf_changed":false,"footnotes":""},"categories":[52],"tags":[],"type_de_publication":[],"class_list":["post-1206","post","type-post","status-publish","format-standard","hentry","category-the-firm"],"acf":[],"yoast_head":"<!-- This site is optimized with the Yoast SEO plugin v24.3 - https:\/\/yoast.com\/wordpress\/plugins\/seo\/ -->\n<title>Notre associ\u00e9 David SMADJA, Coach invit\u00e9 dans l\u2019\u00e9mission\u00a0La France Bouge\u00a0sur Europe 1 - Milestone Avocats<\/title>\n<meta name=\"robots\" content=\"index, follow, max-snippet:-1, max-image-preview:large, max-video-preview:-1\" \/>\n<link rel=\"canonical\" href=\"https:\/\/milestone-avocats.com\/en\/notre-associe-david-smadja-coach-invite-dans-lemission-la-france-bouge-sur-europe-1\/\" \/>\n<meta property=\"og:locale\" content=\"en_US\" \/>\n<meta property=\"og:type\" content=\"article\" \/>\n<meta property=\"og:title\" content=\"Notre associ\u00e9 David SMADJA, Coach invit\u00e9 dans l\u2019\u00e9mission\u00a0La France Bouge\u00a0sur Europe 1 - Milestone Avocats\" \/>\n<meta property=\"og:description\" content=\"David SMADJA, notre associ\u00e9, est r\u00e9cemment intervenu en tant que Coach dans l\u2019\u00e9mission\u00a0La France Bouge, diffus\u00e9e sur Europe 1 et anim\u00e9e par Elisabeth Assayag. Cette \u00e9mission met \u00e0 l\u2019honneur celles et ceux qui participent activement au renouveau \u00e9conomique de la soci\u00e9t\u00e9 \u2013 entrepreneurs, associations, collectivit\u00e9s\u2026 Un format inspirant, en parfaite r\u00e9sonance avec les engagements de [&hellip;]\" \/>\n<meta property=\"og:url\" content=\"https:\/\/milestone-avocats.com\/en\/notre-associe-david-smadja-coach-invite-dans-lemission-la-france-bouge-sur-europe-1\/\" \/>\n<meta property=\"og:site_name\" content=\"Milestone Avocats\" \/>\n<meta property=\"article:published_time\" content=\"2025-05-14T17:43:03+00:00\" \/>\n<meta name=\"author\" content=\"Arwa\" \/>\n<meta name=\"twitter:card\" content=\"summary_large_image\" \/>\n<meta name=\"twitter:label1\" content=\"Written by\" \/>\n\t<meta name=\"twitter:data1\" content=\"Arwa\" \/>\n<script type=\"application\/ld+json\" class=\"yoast-schema-graph\">{\"@context\":\"https:\/\/schema.org\",\"@graph\":[{\"@type\":\"WebPage\",\"@id\":\"https:\/\/milestone-avocats.com\/en\/notre-associe-david-smadja-coach-invite-dans-lemission-la-france-bouge-sur-europe-1\/\",\"url\":\"https:\/\/milestone-avocats.com\/en\/notre-associe-david-smadja-coach-invite-dans-lemission-la-france-bouge-sur-europe-1\/\",\"name\":\"Notre associ\u00e9 David SMADJA, Coach invit\u00e9 dans l\u2019\u00e9mission\u00a0La France Bouge\u00a0sur Europe 1 - Milestone Avocats\",\"isPartOf\":{\"@id\":\"https:\/\/milestone-avocats.com\/#website\"},\"datePublished\":\"2025-05-14T17:43:03+00:00\",\"dateModified\":\"2025-05-14T17:43:03+00:00\",\"author\":{\"@id\":\"https:\/\/milestone-avocats.com\/#\/schema\/person\/7aeb91c46250fcaa1ca2ce7878b0fc51\"},\"breadcrumb\":{\"@id\":\"https:\/\/milestone-avocats.com\/en\/notre-associe-david-smadja-coach-invite-dans-lemission-la-france-bouge-sur-europe-1\/#breadcrumb\"},\"inLanguage\":\"en-US\",\"potentialAction\":[{\"@type\":\"ReadAction\",\"target\":[\"https:\/\/milestone-avocats.com\/en\/notre-associe-david-smadja-coach-invite-dans-lemission-la-france-bouge-sur-europe-1\/\"]}]},{\"@type\":\"BreadcrumbList\",\"@id\":\"https:\/\/milestone-avocats.com\/en\/notre-associe-david-smadja-coach-invite-dans-lemission-la-france-bouge-sur-europe-1\/#breadcrumb\",\"itemListElement\":[{\"@type\":\"ListItem\",\"position\":1,\"name\":\"Accueil\",\"item\":\"https:\/\/milestone-avocats.com\/en\/\"},{\"@type\":\"ListItem\",\"position\":2,\"name\":\"Notre associ\u00e9 David SMADJA, Coach invit\u00e9 dans l\u2019\u00e9mission\u00a0La France Bouge\u00a0sur Europe 1\"}]},{\"@type\":\"WebSite\",\"@id\":\"https:\/\/milestone-avocats.com\/#website\",\"url\":\"https:\/\/milestone-avocats.com\/\",\"name\":\"Milestone Avocats\",\"description\":\"\",\"potentialAction\":[{\"@type\":\"SearchAction\",\"target\":{\"@type\":\"EntryPoint\",\"urlTemplate\":\"https:\/\/milestone-avocats.com\/?s={search_term_string}\"},\"query-input\":{\"@type\":\"PropertyValueSpecification\",\"valueRequired\":true,\"valueName\":\"search_term_string\"}}],\"inLanguage\":\"en-US\"},{\"@type\":\"Person\",\"@id\":\"https:\/\/milestone-avocats.com\/#\/schema\/person\/7aeb91c46250fcaa1ca2ce7878b0fc51\",\"name\":\"Arwa\",\"image\":{\"@type\":\"ImageObject\",\"inLanguage\":\"en-US\",\"@id\":\"https:\/\/milestone-avocats.com\/#\/schema\/person\/image\/\",\"url\":\"https:\/\/secure.gravatar.com\/avatar\/a96b9b9ff509464b9476a1f514549853326f8242a9032e1f88a8bc18d9539dbe?s=96&d=mm&r=g\",\"contentUrl\":\"https:\/\/secure.gravatar.com\/avatar\/a96b9b9ff509464b9476a1f514549853326f8242a9032e1f88a8bc18d9539dbe?s=96&d=mm&r=g\",\"caption\":\"Arwa\"}}]}<\/script>\n<!-- \/ Yoast SEO plugin. -->","yoast_head_json":{"title":"Notre associ\u00e9 David SMADJA, Coach invit\u00e9 dans l\u2019\u00e9mission\u00a0La France Bouge\u00a0sur Europe 1 - Milestone Avocats","robots":{"index":"index","follow":"follow","max-snippet":"max-snippet:-1","max-image-preview":"max-image-preview:large","max-video-preview":"max-video-preview:-1"},"canonical":"https:\/\/milestone-avocats.com\/en\/notre-associe-david-smadja-coach-invite-dans-lemission-la-france-bouge-sur-europe-1\/","og_locale":"en_US","og_type":"article","og_title":"Notre associ\u00e9 David SMADJA, Coach invit\u00e9 dans l\u2019\u00e9mission\u00a0La France Bouge\u00a0sur Europe 1 - Milestone Avocats","og_description":"David SMADJA, notre associ\u00e9, est r\u00e9cemment intervenu en tant que Coach dans l\u2019\u00e9mission\u00a0La France Bouge, diffus\u00e9e sur Europe 1 et anim\u00e9e par Elisabeth Assayag. Cette \u00e9mission met \u00e0 l\u2019honneur celles et ceux qui participent activement au renouveau \u00e9conomique de la soci\u00e9t\u00e9 \u2013 entrepreneurs, associations, collectivit\u00e9s\u2026 Un format inspirant, en parfaite r\u00e9sonance avec les engagements de [&hellip;]","og_url":"https:\/\/milestone-avocats.com\/en\/notre-associe-david-smadja-coach-invite-dans-lemission-la-france-bouge-sur-europe-1\/","og_site_name":"Milestone Avocats","article_published_time":"2025-05-14T17:43:03+00:00","author":"Arwa","twitter_card":"summary_large_image","twitter_misc":{"Written by":"Arwa"},"schema":{"@context":"https:\/\/schema.org","@graph":[{"@type":"WebPage","@id":"https:\/\/milestone-avocats.com\/en\/notre-associe-david-smadja-coach-invite-dans-lemission-la-france-bouge-sur-europe-1\/","url":"https:\/\/milestone-avocats.com\/en\/notre-associe-david-smadja-coach-invite-dans-lemission-la-france-bouge-sur-europe-1\/","name":"Notre associ\u00e9 David SMADJA, Coach invit\u00e9 dans l\u2019\u00e9mission\u00a0La France Bouge\u00a0sur Europe 1 - Milestone Avocats","isPartOf":{"@id":"https:\/\/milestone-avocats.com\/#website"},"datePublished":"2025-05-14T17:43:03+00:00","dateModified":"2025-05-14T17:43:03+00:00","author":{"@id":"https:\/\/milestone-avocats.com\/#\/schema\/person\/7aeb91c46250fcaa1ca2ce7878b0fc51"},"breadcrumb":{"@id":"https:\/\/milestone-avocats.com\/en\/notre-associe-david-smadja-coach-invite-dans-lemission-la-france-bouge-sur-europe-1\/#breadcrumb"},"inLanguage":"en-US","potentialAction":[{"@type":"ReadAction","target":["https:\/\/milestone-avocats.com\/en\/notre-associe-david-smadja-coach-invite-dans-lemission-la-france-bouge-sur-europe-1\/"]}]},{"@type":"BreadcrumbList","@id":"https:\/\/milestone-avocats.com\/en\/notre-associe-david-smadja-coach-invite-dans-lemission-la-france-bouge-sur-europe-1\/#breadcrumb","itemListElement":[{"@type":"ListItem","position":1,"name":"Accueil","item":"https:\/\/milestone-avocats.com\/en\/"},{"@type":"ListItem","position":2,"name":"Notre associ\u00e9 David SMADJA, Coach invit\u00e9 dans l\u2019\u00e9mission\u00a0La France Bouge\u00a0sur Europe 1"}]},{"@type":"WebSite","@id":"https:\/\/milestone-avocats.com\/#website","url":"https:\/\/milestone-avocats.com\/","name":"Milestone Avocats","description":"","potentialAction":[{"@type":"SearchAction","target":{"@type":"EntryPoint","urlTemplate":"https:\/\/milestone-avocats.com\/?s={search_term_string}"},"query-input":{"@type":"PropertyValueSpecification","valueRequired":true,"valueName":"search_term_string"}}],"inLanguage":"en-US"},{"@type":"Person","@id":"https:\/\/milestone-avocats.com\/#\/schema\/person\/7aeb91c46250fcaa1ca2ce7878b0fc51","name":"Arwa","image":{"@type":"ImageObject","inLanguage":"en-US","@id":"https:\/\/milestone-avocats.com\/#\/schema\/person\/image\/","url":"https:\/\/secure.gravatar.com\/avatar\/a96b9b9ff509464b9476a1f514549853326f8242a9032e1f88a8bc18d9539dbe?s=96&d=mm&r=g","contentUrl":"https:\/\/secure.gravatar.com\/avatar\/a96b9b9ff509464b9476a1f514549853326f8242a9032e1f88a8bc18d9539dbe?s=96&d=mm&r=g","caption":"Arwa"}}]}},"_links":{"self":[{"href":"https:\/\/milestone-avocats.com\/en\/wp-json\/wp\/v2\/posts\/1206","targetHints":{"allow":["GET"]}}],"collection":[{"href":"https:\/\/milestone-avocats.com\/en\/wp-json\/wp\/v2\/posts"}],"about":[{"href":"https:\/\/milestone-avocats.com\/en\/wp-json\/wp\/v2\/types\/post"}],"author":[{"embeddable":true,"href":"https:\/\/milestone-avocats.com\/en\/wp-json\/wp\/v2\/users\/4"}],"replies":[{"embeddable":true,"href":"https:\/\/milestone-avocats.com\/en\/wp-json\/wp\/v2\/comments?post=1206"}],"version-history":[{"count":0,"href":"https:\/\/milestone-avocats.com\/en\/wp-json\/wp\/v2\/posts\/1206\/revisions"}],"wp:attachment":[{"href":"https:\/\/milestone-avocats.com\/en\/wp-json\/wp\/v2\/media?parent=1206"}],"wp:term":[{"taxonomy":"category","embeddable":true,"href":"https:\/\/milestone-avocats.com\/en\/wp-json\/wp\/v2\/categories?post=1206"},{"taxonomy":"post_tag","embeddable":true,"href":"https:\/\/milestone-avocats.com\/en\/wp-json\/wp\/v2\/tags?post=1206"},{"taxonomy":"type_de_publication","embeddable":true,"href":"https:\/\/milestone-avocats.com\/en\/wp-json\/wp\/v2\/type_de_publication?post=1206"}],"curies":[{"name":"wp","href":"https:\/\/api.w.org\/{rel}","templated":true}]}}